{"id":377,"date":"2021-11-17T00:25:56","date_gmt":"2021-11-17T00:25:56","guid":{"rendered":"http:\/\/pca.edu.co\/thekey\/?p=377"},"modified":"2022-12-01T21:55:04","modified_gmt":"2022-12-01T21:55:04","slug":"diferencias-entre-imagen-e-identidad-corporativa","status":"publish","type":"post","link":"https:\/\/pca.edu.co\/thekey\/publicidad\/diferencias-entre-imagen-e-identidad-corporativa\/","title":{"rendered":"\u00bfQu\u00e9 diferencias hay entre imagen e identidad corporativa?"},"content":{"rendered":"<h6><strong>Por: Mg. Joaqu\u00edn Camargo<\/strong><\/h6>\n<p>Comencemos con una an\u00e9cdota personal que pone al descubierto una de las principales diferencias entre imagen e identidad corporativa.<\/p>\n<p>No me gusta el reggaet\u00f3n. Cuando empez\u00f3 el fen\u00f3meno de este estilo musical pensaba que iba a ser una tendencia pasajera. Ya me di cuenta que no es as\u00ed. Cuando salgo a alg\u00fan sitio de fiesta, si hay una tanda muy larga de reggaet\u00f3n, termino aburrido, a pesar de que la multitud la cante a voz en cuello. Jorge, mi mejor amigo, me dice que es una pose de <em>pseudo<\/em> intelectual m\u00eda y que es un poco esnobista.<strong style=\"color: #222222; font-family: Play, serif; font-size: 16px;\"><img fetchpriority=\"high\" decoding=\"async\" class=\"aligncenter  wp-image-670\" src=\"http:\/\/pca.edu.co\/thekey\/wp-content\/uploads\/2021\/11\/kristian-egelund-420683-unsplash_b-300x163.jpg\" alt=\"\" width=\"361\" height=\"196\" srcset=\"https:\/\/pca.edu.co\/thekey\/wp-content\/uploads\/2021\/11\/kristian-egelund-420683-unsplash_b-300x163.jpg 300w, https:\/\/pca.edu.co\/thekey\/wp-content\/uploads\/2021\/11\/kristian-egelund-420683-unsplash_b-1024x557.jpg 1024w, https:\/\/pca.edu.co\/thekey\/wp-content\/uploads\/2021\/11\/kristian-egelund-420683-unsplash_b-768x418.jpg 768w, https:\/\/pca.edu.co\/thekey\/wp-content\/uploads\/2021\/11\/kristian-egelund-420683-unsplash_b-1536x836.jpg 1536w, https:\/\/pca.edu.co\/thekey\/wp-content\/uploads\/2021\/11\/kristian-egelund-420683-unsplash_b.jpg 1598w\" sizes=\"(max-width: 361px) 100vw, 361px\" \/><\/strong><\/p>\n<p>Esta situaci\u00f3n ejemplifica la diferencia entre imagen e\u00a0 Identidad corporativa. Cuando digo que no me gusta el reggaet\u00f3n o describo comportamientos, gustos, aficiones, herencias, ra\u00edces, actitudes, rasgos, es decir todo lo que me hace ser quien soy, me refiero a mi Identidad como individuo; \u00a0lo que me hace \u00fanico, lo que me diferencia.<\/p>\n<p>Cuando describo la percepci\u00f3n o imagen mental que Jorge se forja de m\u00ed, de cara a las manifestaciones de mi conducta, me estoy refiriendo a la Imagen. La imagen que mi amigo se hace \u00a0de mi es completamente aut\u00f3noma, yo no la puedo controlar.<\/p>\n<p>Hoy en d\u00eda todo el concepto de imagen ha sido revaluado y hace parte de un eje estrat\u00e9gico de acci\u00f3n en donde se conectan de forma din\u00e1mica \u00a0por un lado, la identidad e imagen y por el otro el comportamiento y la comunicaci\u00f3n, pasando por la cultura organizacional. Este entramado sostiene lo que Costa \u00a0considera como el nuevo paradigma empresarial, que ha sustituido el antiguo, orientado hacia la producci\u00f3n y la administraci\u00f3n de los recursos; por uno nuevo de cara al consumidor. En un mercado saturado por productos sustitutos y con miras a la sostenibilidad a largo plazo, las empresas deben aprender a diferenciarse de sus competidores, creando valor en el cliente. El anterior modelo no ha desaparecido, pero queda limitado a la forma de una empresa de hacer las cosas, con el objetivo de optimizar su funcionamiento y garantizar un producto de calidad \u2014lo que dicho sea de paso, es una caracter\u00edstica que <a href=\"https:\/\/pca.edu.co\/thekey\/publicidad\/diferencia-entre-experiencia-y-servicio-al-cliente\/\">el consumidor<\/a> da por descontada de un producto\u2014.<\/p>\n<p>Hoy en d\u00eda, con una publicidad afectada por una crisis de credibilidad muy profunda ante el consumidor, y con \u00a0una competencia feroz, las empresas deben dise\u00f1ar una estrategia que les permita construir una imagen en la mente de su consumidor, relacionada impl\u00edcita y expl\u00edcitamente con su identidad, de acuerdo con la estructura propuesta por Costa, y, recurrir a la creaci\u00f3n de v\u00ednculos emocionales que les permitan establecer relaciones a largo plazo.<\/p>\n<p><strong>\u00bfQu\u00e9 debemos saber?<\/strong><\/p>\n<p>Debemos entender que hoy en d\u00eda el consumidor no es s\u00f3lo un espectador, la imagen que construye mentalmente, se forja a trav\u00e9s de las sensaciones, percepciones, interacciones, experimentaciones y de cada contacto que tenga con la empresa o el producto en cuesti\u00f3n, lo expresado anteriormente \u00a0nos permite concluir que la imagen corporativa va mucho m\u00e1s all\u00e1 de unos grafismos, unos colores o unas tipograf\u00edas,\u00a0 es el resultado de una estrategia consistente desarrollada por una serie de procesos, como son \u00a0la comunicaci\u00f3n, la cultura, la imagen gr\u00e1fica y el dise\u00f1o de producto; de tal forma que permita \u00a0crear, administrar y gestionar el valor tangible e intangible de una marca.<\/p>\n","protected":false},"excerpt":{"rendered":"<p>Por: Mg. Joaqu\u00edn Camargo Comencemos con una an\u00e9cdota personal que pone al descubierto una de las principales diferencias entre imagen e identidad corporativa. No me gusta el reggaet\u00f3n. Cuando empez\u00f3 el fen\u00f3meno de este estilo musical pensaba que iba a ser una tendencia pasajera. Ya me di cuenta que no es as\u00ed. Cuando salgo a [&hellip;]<\/p>\n","protected":false},"author":7,"featured_media":378,"comment_status":"open","ping_status":"open","sticky":false,"template":"","format":"standard","meta":{"content-type":"","footnotes":""},"categories":[4],"tags":[],"class_list":["post-377","post","type-post","status-publish","format-standard","has-post-thumbnail","hentry","category-publicidad"],"yoast_head":"<!-- This site is optimized with the Yoast SEO plugin v28.4 - https:\/\/yoast.com\/product\/yoast-seo-wordpress\/ -->\n<title>\u00bfQu\u00e9 diferencias hay entre imagen e identidad corporativa? -<\/title>\n<meta name=\"description\" content=\"Analicemos las diferencias que hay entre imagen e identidad corporativa estudiando la historia que ha precedido a estos dos t\u00e9rminos.\" \/>\n<meta name=\"robots\" content=\"index, follow, max-snippet:-1, max-image-preview:large, max-video-preview:-1\" \/>\n<link rel=\"canonical\" href=\"https:\/\/pca.edu.co\/thekey\/publicidad\/diferencias-entre-imagen-e-identidad-corporativa\/\" \/>\n<meta property=\"og:locale\" content=\"es_ES\" \/>\n<meta property=\"og:type\" content=\"article\" \/>\n<meta property=\"og:title\" content=\"\u00bfQu\u00e9 diferencias hay entre imagen e identidad corporativa? -\" \/>\n<meta property=\"og:description\" content=\"Analicemos las diferencias que hay entre imagen e identidad corporativa estudiando la historia que ha precedido a estos dos t\u00e9rminos.\" \/>\n<meta property=\"og:url\" content=\"https:\/\/pca.edu.co\/thekey\/publicidad\/diferencias-entre-imagen-e-identidad-corporativa\/\" \/>\n<meta property=\"article:published_time\" content=\"2021-11-17T00:25:56+00:00\" \/>\n<meta property=\"article:modified_time\" content=\"2022-12-01T21:55:04+00:00\" \/>\n<meta property=\"og:image\" content=\"https:\/\/pca.edu.co\/thekey\/wp-content\/uploads\/2021\/11\/multiple-lightbulb-designs-scaled.jpg\" \/>\n\t<meta property=\"og:image:width\" content=\"2560\" \/>\n\t<meta property=\"og:image:height\" content=\"1708\" \/>\n\t<meta property=\"og:image:type\" content=\"image\/jpeg\" \/>\n<meta name=\"author\" content=\"Joaqu\u00edn Camargo\" \/>\n<meta name=\"twitter:card\" content=\"summary_large_image\" \/>\n<meta name=\"twitter:label1\" content=\"Escrito por\" \/>\n\t<meta name=\"twitter:data1\" content=\"Joaqu\u00edn Camargo\" \/>\n\t<meta name=\"twitter:label2\" content=\"Tiempo de lectura\" \/>\n\t<meta name=\"twitter:data2\" content=\"3 minutos\" \/>\n<script type=\"application\/ld+json\" class=\"yoast-schema-graph\">{\"@context\":\"https:\\\/\\\/schema.org\",\"@graph\":[{\"@type\":\"Article\",\"@id\":\"https:\\\/\\\/pca.edu.co\\\/thekey\\\/publicidad\\\/diferencias-entre-imagen-e-identidad-corporativa\\\/#article\",\"isPartOf\":{\"@id\":\"https:\\\/\\\/pca.edu.co\\\/thekey\\\/publicidad\\\/diferencias-entre-imagen-e-identidad-corporativa\\\/\"},\"author\":{\"name\":\"Joaqu\u00edn Camargo\",\"@id\":\"https:\\\/\\\/pca.edu.co\\\/thekey\\\/#\\\/schema\\\/person\\\/2d8a5b6210f17560fde92f3e34f13ef5\"},\"headline\":\"\u00bfQu\u00e9 diferencias hay entre imagen e identidad corporativa?\",\"datePublished\":\"2021-11-17T00:25:56+00:00\",\"dateModified\":\"2022-12-01T21:55:04+00:00\",\"mainEntityOfPage\":{\"@id\":\"https:\\\/\\\/pca.edu.co\\\/thekey\\\/publicidad\\\/diferencias-entre-imagen-e-identidad-corporativa\\\/\"},\"wordCount\":585,\"commentCount\":1,\"image\":{\"@id\":\"https:\\\/\\\/pca.edu.co\\\/thekey\\\/publicidad\\\/diferencias-entre-imagen-e-identidad-corporativa\\\/#primaryimage\"},\"thumbnailUrl\":\"https:\\\/\\\/pca.edu.co\\\/thekey\\\/wp-content\\\/uploads\\\/2021\\\/11\\\/multiple-lightbulb-designs-scaled.jpg\",\"articleSection\":[\"Publicidad\"],\"inLanguage\":\"es\",\"potentialAction\":[{\"@type\":\"CommentAction\",\"name\":\"Comment\",\"target\":[\"https:\\\/\\\/pca.edu.co\\\/thekey\\\/publicidad\\\/diferencias-entre-imagen-e-identidad-corporativa\\\/#respond\"]}]},{\"@type\":\"WebPage\",\"@id\":\"https:\\\/\\\/pca.edu.co\\\/thekey\\\/publicidad\\\/diferencias-entre-imagen-e-identidad-corporativa\\\/\",\"url\":\"https:\\\/\\\/pca.edu.co\\\/thekey\\\/publicidad\\\/diferencias-entre-imagen-e-identidad-corporativa\\\/\",\"name\":\"\u00bfQu\u00e9 diferencias hay entre imagen e identidad corporativa? -\",\"isPartOf\":{\"@id\":\"https:\\\/\\\/pca.edu.co\\\/thekey\\\/#website\"},\"primaryImageOfPage\":{\"@id\":\"https:\\\/\\\/pca.edu.co\\\/thekey\\\/publicidad\\\/diferencias-entre-imagen-e-identidad-corporativa\\\/#primaryimage\"},\"image\":{\"@id\":\"https:\\\/\\\/pca.edu.co\\\/thekey\\\/publicidad\\\/diferencias-entre-imagen-e-identidad-corporativa\\\/#primaryimage\"},\"thumbnailUrl\":\"https:\\\/\\\/pca.edu.co\\\/thekey\\\/wp-content\\\/uploads\\\/2021\\\/11\\\/multiple-lightbulb-designs-scaled.jpg\",\"datePublished\":\"2021-11-17T00:25:56+00:00\",\"dateModified\":\"2022-12-01T21:55:04+00:00\",\"author\":{\"@id\":\"https:\\\/\\\/pca.edu.co\\\/thekey\\\/#\\\/schema\\\/person\\\/2d8a5b6210f17560fde92f3e34f13ef5\"},\"description\":\"Analicemos las diferencias que hay entre imagen e identidad corporativa estudiando la historia que ha precedido a estos dos t\u00e9rminos.\",\"breadcrumb\":{\"@id\":\"https:\\\/\\\/pca.edu.co\\\/thekey\\\/publicidad\\\/diferencias-entre-imagen-e-identidad-corporativa\\\/#breadcrumb\"},\"inLanguage\":\"es\",\"potentialAction\":[{\"@type\":\"ReadAction\",\"target\":[\"https:\\\/\\\/pca.edu.co\\\/thekey\\\/publicidad\\\/diferencias-entre-imagen-e-identidad-corporativa\\\/\"]}]},{\"@type\":\"ImageObject\",\"inLanguage\":\"es\",\"@id\":\"https:\\\/\\\/pca.edu.co\\\/thekey\\\/publicidad\\\/diferencias-entre-imagen-e-identidad-corporativa\\\/#primaryimage\",\"url\":\"https:\\\/\\\/pca.edu.co\\\/thekey\\\/wp-content\\\/uploads\\\/2021\\\/11\\\/multiple-lightbulb-designs-scaled.jpg\",\"contentUrl\":\"https:\\\/\\\/pca.edu.co\\\/thekey\\\/wp-content\\\/uploads\\\/2021\\\/11\\\/multiple-lightbulb-designs-scaled.jpg\",\"width\":2560,\"height\":1708,\"caption\":\"diferencias-entre-imagen-e-identidad-corporativa\"},{\"@type\":\"BreadcrumbList\",\"@id\":\"https:\\\/\\\/pca.edu.co\\\/thekey\\\/publicidad\\\/diferencias-entre-imagen-e-identidad-corporativa\\\/#breadcrumb\",\"itemListElement\":[{\"@type\":\"ListItem\",\"position\":1,\"name\":\"Portada\",\"item\":\"https:\\\/\\\/pca.edu.co\\\/thekey\\\/\"},{\"@type\":\"ListItem\",\"position\":2,\"name\":\"\u00bfQu\u00e9 diferencias hay entre imagen e identidad corporativa?\"}]},{\"@type\":\"WebSite\",\"@id\":\"https:\\\/\\\/pca.edu.co\\\/thekey\\\/#website\",\"url\":\"https:\\\/\\\/pca.edu.co\\\/thekey\\\/\",\"name\":\"\",\"description\":\"Revista Digital de los Programas de Administraci\u00f3n de Mercadeo y Publicidad\",\"potentialAction\":[{\"@type\":\"SearchAction\",\"target\":{\"@type\":\"EntryPoint\",\"urlTemplate\":\"https:\\\/\\\/pca.edu.co\\\/thekey\\\/?s={search_term_string}\"},\"query-input\":{\"@type\":\"PropertyValueSpecification\",\"valueRequired\":true,\"valueName\":\"search_term_string\"}}],\"inLanguage\":\"es\"},{\"@type\":\"Person\",\"@id\":\"https:\\\/\\\/pca.edu.co\\\/thekey\\\/#\\\/schema\\\/person\\\/2d8a5b6210f17560fde92f3e34f13ef5\",\"name\":\"Joaqu\u00edn Camargo\",\"image\":{\"@type\":\"ImageObject\",\"inLanguage\":\"es\",\"@id\":\"https:\\\/\\\/secure.gravatar.com\\\/avatar\\\/007f2414aa1e3f009a7385ae74a3cf79f29635bf8c22dcab7c512ab38068e8cf?s=96&d=mm&r=g\",\"url\":\"https:\\\/\\\/secure.gravatar.com\\\/avatar\\\/007f2414aa1e3f009a7385ae74a3cf79f29635bf8c22dcab7c512ab38068e8cf?s=96&d=mm&r=g\",\"contentUrl\":\"https:\\\/\\\/secure.gravatar.com\\\/avatar\\\/007f2414aa1e3f009a7385ae74a3cf79f29635bf8c22dcab7c512ab38068e8cf?s=96&d=mm&r=g\",\"caption\":\"Joaqu\u00edn Camargo\"},\"url\":\"https:\\\/\\\/pca.edu.co\\\/thekey\\\/author\\\/jcamargov\\\/\"}]}<\/script>\n<!-- \/ Yoast SEO plugin. -->","yoast_head_json":{"title":"\u00bfQu\u00e9 diferencias hay entre imagen e identidad corporativa? -","description":"Analicemos las diferencias que hay entre imagen e identidad corporativa estudiando la historia que ha precedido a estos dos t\u00e9rminos.","robots":{"index":"index","follow":"follow","max-snippet":"max-snippet:-1","max-image-preview":"max-image-preview:large","max-video-preview":"max-video-preview:-1"},"canonical":"https:\/\/pca.edu.co\/thekey\/publicidad\/diferencias-entre-imagen-e-identidad-corporativa\/","og_locale":"es_ES","og_type":"article","og_title":"\u00bfQu\u00e9 diferencias hay entre imagen e identidad corporativa? -","og_description":"Analicemos las diferencias que hay entre imagen e identidad corporativa estudiando la historia que ha precedido a estos dos t\u00e9rminos.","og_url":"https:\/\/pca.edu.co\/thekey\/publicidad\/diferencias-entre-imagen-e-identidad-corporativa\/","article_published_time":"2021-11-17T00:25:56+00:00","article_modified_time":"2022-12-01T21:55:04+00:00","og_image":[{"width":2560,"height":1708,"url":"https:\/\/pca.edu.co\/thekey\/wp-content\/uploads\/2021\/11\/multiple-lightbulb-designs-scaled.jpg","type":"image\/jpeg"}],"author":"Joaqu\u00edn Camargo","twitter_card":"summary_large_image","twitter_misc":{"Escrito por":"Joaqu\u00edn Camargo","Tiempo de lectura":"3 minutos"},"schema":{"@context":"https:\/\/schema.org","@graph":[{"@type":"Article","@id":"https:\/\/pca.edu.co\/thekey\/publicidad\/diferencias-entre-imagen-e-identidad-corporativa\/#article","isPartOf":{"@id":"https:\/\/pca.edu.co\/thekey\/publicidad\/diferencias-entre-imagen-e-identidad-corporativa\/"},"author":{"name":"Joaqu\u00edn Camargo","@id":"https:\/\/pca.edu.co\/thekey\/#\/schema\/person\/2d8a5b6210f17560fde92f3e34f13ef5"},"headline":"\u00bfQu\u00e9 diferencias hay entre imagen e identidad corporativa?","datePublished":"2021-11-17T00:25:56+00:00","dateModified":"2022-12-01T21:55:04+00:00","mainEntityOfPage":{"@id":"https:\/\/pca.edu.co\/thekey\/publicidad\/diferencias-entre-imagen-e-identidad-corporativa\/"},"wordCount":585,"commentCount":1,"image":{"@id":"https:\/\/pca.edu.co\/thekey\/publicidad\/diferencias-entre-imagen-e-identidad-corporativa\/#primaryimage"},"thumbnailUrl":"https:\/\/pca.edu.co\/thekey\/wp-content\/uploads\/2021\/11\/multiple-lightbulb-designs-scaled.jpg","articleSection":["Publicidad"],"inLanguage":"es","potentialAction":[{"@type":"CommentAction","name":"Comment","target":["https:\/\/pca.edu.co\/thekey\/publicidad\/diferencias-entre-imagen-e-identidad-corporativa\/#respond"]}]},{"@type":"WebPage","@id":"https:\/\/pca.edu.co\/thekey\/publicidad\/diferencias-entre-imagen-e-identidad-corporativa\/","url":"https:\/\/pca.edu.co\/thekey\/publicidad\/diferencias-entre-imagen-e-identidad-corporativa\/","name":"\u00bfQu\u00e9 diferencias hay entre imagen e identidad corporativa? -","isPartOf":{"@id":"https:\/\/pca.edu.co\/thekey\/#website"},"primaryImageOfPage":{"@id":"https:\/\/pca.edu.co\/thekey\/publicidad\/diferencias-entre-imagen-e-identidad-corporativa\/#primaryimage"},"image":{"@id":"https:\/\/pca.edu.co\/thekey\/publicidad\/diferencias-entre-imagen-e-identidad-corporativa\/#primaryimage"},"thumbnailUrl":"https:\/\/pca.edu.co\/thekey\/wp-content\/uploads\/2021\/11\/multiple-lightbulb-designs-scaled.jpg","datePublished":"2021-11-17T00:25:56+00:00","dateModified":"2022-12-01T21:55:04+00:00","author":{"@id":"https:\/\/pca.edu.co\/thekey\/#\/schema\/person\/2d8a5b6210f17560fde92f3e34f13ef5"},"description":"Analicemos las diferencias que hay entre imagen e identidad corporativa estudiando la historia que ha precedido a estos dos t\u00e9rminos.","breadcrumb":{"@id":"https:\/\/pca.edu.co\/thekey\/publicidad\/diferencias-entre-imagen-e-identidad-corporativa\/#breadcrumb"},"inLanguage":"es","potentialAction":[{"@type":"ReadAction","target":["https:\/\/pca.edu.co\/thekey\/publicidad\/diferencias-entre-imagen-e-identidad-corporativa\/"]}]},{"@type":"ImageObject","inLanguage":"es","@id":"https:\/\/pca.edu.co\/thekey\/publicidad\/diferencias-entre-imagen-e-identidad-corporativa\/#primaryimage","url":"https:\/\/pca.edu.co\/thekey\/wp-content\/uploads\/2021\/11\/multiple-lightbulb-designs-scaled.jpg","contentUrl":"https:\/\/pca.edu.co\/thekey\/wp-content\/uploads\/2021\/11\/multiple-lightbulb-designs-scaled.jpg","width":2560,"height":1708,"caption":"diferencias-entre-imagen-e-identidad-corporativa"},{"@type":"BreadcrumbList","@id":"https:\/\/pca.edu.co\/thekey\/publicidad\/diferencias-entre-imagen-e-identidad-corporativa\/#breadcrumb","itemListElement":[{"@type":"ListItem","position":1,"name":"Portada","item":"https:\/\/pca.edu.co\/thekey\/"},{"@type":"ListItem","position":2,"name":"\u00bfQu\u00e9 diferencias hay entre imagen e identidad corporativa?"}]},{"@type":"WebSite","@id":"https:\/\/pca.edu.co\/thekey\/#website","url":"https:\/\/pca.edu.co\/thekey\/","name":"","description":"Revista Digital de los Programas de Administraci\u00f3n de Mercadeo y Publicidad","potentialAction":[{"@type":"SearchAction","target":{"@type":"EntryPoint","urlTemplate":"https:\/\/pca.edu.co\/thekey\/?s={search_term_string}"},"query-input":{"@type":"PropertyValueSpecification","valueRequired":true,"valueName":"search_term_string"}}],"inLanguage":"es"},{"@type":"Person","@id":"https:\/\/pca.edu.co\/thekey\/#\/schema\/person\/2d8a5b6210f17560fde92f3e34f13ef5","name":"Joaqu\u00edn Camargo","image":{"@type":"ImageObject","inLanguage":"es","@id":"https:\/\/secure.gravatar.com\/avatar\/007f2414aa1e3f009a7385ae74a3cf79f29635bf8c22dcab7c512ab38068e8cf?s=96&d=mm&r=g","url":"https:\/\/secure.gravatar.com\/avatar\/007f2414aa1e3f009a7385ae74a3cf79f29635bf8c22dcab7c512ab38068e8cf?s=96&d=mm&r=g","contentUrl":"https:\/\/secure.gravatar.com\/avatar\/007f2414aa1e3f009a7385ae74a3cf79f29635bf8c22dcab7c512ab38068e8cf?s=96&d=mm&r=g","caption":"Joaqu\u00edn Camargo"},"url":"https:\/\/pca.edu.co\/thekey\/author\/jcamargov\/"}]}},"_links":{"self":[{"href":"https:\/\/pca.edu.co\/thekey\/wp-json\/wp\/v2\/posts\/377","targetHints":{"allow":["GET"]}}],"collection":[{"href":"https:\/\/pca.edu.co\/thekey\/wp-json\/wp\/v2\/posts"}],"about":[{"href":"https:\/\/pca.edu.co\/thekey\/wp-json\/wp\/v2\/types\/post"}],"author":[{"embeddable":true,"href":"https:\/\/pca.edu.co\/thekey\/wp-json\/wp\/v2\/users\/7"}],"replies":[{"embeddable":true,"href":"https:\/\/pca.edu.co\/thekey\/wp-json\/wp\/v2\/comments?post=377"}],"version-history":[{"count":16,"href":"https:\/\/pca.edu.co\/thekey\/wp-json\/wp\/v2\/posts\/377\/revisions"}],"predecessor-version":[{"id":671,"href":"https:\/\/pca.edu.co\/thekey\/wp-json\/wp\/v2\/posts\/377\/revisions\/671"}],"wp:featuredmedia":[{"embeddable":true,"href":"https:\/\/pca.edu.co\/thekey\/wp-json\/wp\/v2\/media\/378"}],"wp:attachment":[{"href":"https:\/\/pca.edu.co\/thekey\/wp-json\/wp\/v2\/media?parent=377"}],"wp:term":[{"taxonomy":"category","embeddable":true,"href":"https:\/\/pca.edu.co\/thekey\/wp-json\/wp\/v2\/categories?post=377"},{"taxonomy":"post_tag","embeddable":true,"href":"https:\/\/pca.edu.co\/thekey\/wp-json\/wp\/v2\/tags?post=377"}],"curies":[{"name":"wp","href":"https:\/\/api.w.org\/{rel}","templated":true}]}}